{"id":45842,"date":"2021-04-09T09:48:21","date_gmt":"2021-04-09T08:48:21","guid":{"rendered":"https:\/\/www.irion-edm.com\/data-management-insights-es\/irion-abre-mercado-en-espana-de-la-mano-de-michele-iurillo\/"},"modified":"2024-06-19T12:12:13","modified_gmt":"2024-06-19T10:12:13","slug":"irion-abre-mercado-en-espana-de-la-mano-de-michele-iurillo","status":"publish","type":"post","link":"https:\/\/www.irion-edm.com\/es\/notas-de-prensa\/irion-abre-mercado-en-espana-de-la-mano-de-michele-iurillo\/","title":{"rendered":"Irion abre mercado en Espa\u00f1a de la mano de Michele Iurillo"},"content":{"rendered":"<p>Irion abre mercado en Espa\u00f1a con el nombramiento de Michele Iurillo como Country Manager. Italiano afincado en Espa\u00f1a, Michele es miembro de DAMA Italia y Vicepresidente de Marketing de Eventos de DAMA Espa\u00f1a. Es fundador del Data Management Summit, evento de referencia en el mundo de la gesti\u00f3n de datos. Michele ha estado involucrado en el mundo del Business Intelligence durante los \u00faltimos 20 a\u00f1os. Colabora con diferentes medios de comunicaci\u00f3n y con Dataversity, un aut\u00e9ntico referente en el mundo de los datos. Est\u00e1 certificado como CDMP por DAMA-I y da conferencias sobre la necesidad de que las empresas descubran el tesoro de datos que sus sistemas generan cada d\u00eda.[\/vc_column_text]<strong>Alberto Scavino<\/strong>, CEO de Irion, afirma: \u201c<em>Estamos encantados de contar con Michele como nuestro Country Manager para Espa\u00f1a y Am\u00e9rica Latina. Con su amplia experiencia en el campo de la gesti\u00f3n de datos y su s\u00f3lida red de relaciones, Michele desempe\u00f1ar\u00e1 un papel clave en la apertura de estos nuevos mercados. Colaborando estrechamente con nuestros compa\u00f1eros de equipo, estamos seguros de que Michele destacar\u00e1 en su nuevo trabajo y se asegurar\u00e1 de cumplir nuestros objetivos de mercado<\/em>\u201c.[\/vc_column_text]\u201c<em>Irion es una empresa de prestigio y su plataforma es la elecci\u00f3n n\u00famero 1 en casi todos los bancos de Italia, hemos optado por abrir este mercado que por caracter\u00edsticas y cultura es muy similar al italiano<\/em>\u201d dijo\u00a0<strong>Michele Iurillo<\/strong>\u00a0\u201c<em>las fusiones bancarias y las diferentes cuestiones regulatorias en todos los sectores necesitan una consolidaci\u00f3n y una gesti\u00f3n sin fisuras de los activos de datos, nuestra plataforma EDM se integra perfectamente en los ecosistemas existentes y permite generar importantes sinergias en t\u00e9rminos funcionales y de rendimiento<\/em>\u201c.<\/p>\n<h3>Acerca de Irion<\/h3>\n<p>Irion EDM es una plataforma abierta, escalable y eficiente basada en el innovador y disruptivo paradigma \u201cdeclarativo\u201d para implementar y gestionar todas las fases del proceso de Gesti\u00f3n de Datos. Proporciona toda la funcionalidad necesaria de principio a fin en una arquitectura modular preparada para Data Fabric.<\/p>\n<p>Irion EDM est\u00e1 totalmente orientado a los metadatos, un sistema ajustado y \u201cactivo\u201d al servicio de las soluciones y aplicaciones. Con su enfoque declarativo, puede delegar la ejecuci\u00f3n de todos los procesos y pasos intermedios. Basado en SQL y con poco c\u00f3digo, es intuitivo y f\u00e1cil de configurar, incluso para especialistas no t\u00e9cnicos.<\/p>\n<p>Irion EDM est\u00e1 totalmente autodocumentado y crea autom\u00e1ticamente una documentaci\u00f3n completa y actualizada en lenguaje natural sobre las reglas, los procesos, las ejecuciones, los motores. El motor de verbalizaci\u00f3n permite escribir todo de la forma idonea para los regultadores.<\/p>\n<p>Irion EDM es una soluci\u00f3n flexible para cada paso del proceso. Una \u00fanica plataforma de gesti\u00f3n de datos empresariales que proporciona:<\/p>\n<ul>\n<li>Orquestaci\u00f3n y seguimiento de los procesos automatizados<\/li>\n<li>Gesti\u00f3n de procesos colaborativos con interacciones entre sistemas y tareas manuales.<\/li>\n<\/ul>\n<p>Soporta completamente la cadena de valor y los procesos de gesti\u00f3n de datos:<\/p>\n<ul>\n<li>Conectividad con fuentes externas de datos y metadatos (+200 conectores de datos)<\/li>\n<li>Dise\u00f1o de modelos<\/li>\n<li>Procesamiento y control<\/li>\n<li>Presentaci\u00f3n de resultados y rendici\u00f3n de cuentas.<\/li>\n<\/ul>\n<p>Irion EDM puede proporcionar un repositorio central para todos los metadatos que impulsan los procesos de Data Management: un sistema de metadatos coordinado y activo en el que los metadatos no s\u00f3lo se catalogan, sino que impulsan y definen la aplicaci\u00f3n y los procesos, y un repositorio central para todos los datos operativos que se procesan y persisten seg\u00fan corresponda.<\/p>\n<h3>Contacto directo<\/h3>\n<p><b>Michele Iurillo<\/b><br \/>\n<b>Irion<\/b><br \/>\nc\/o Impact Hub<br \/>\nPlaza P.R. Picasso, 1, 28020 Madrid \u2013 Spain<br \/>\nMobile<b>:<\/b> +34 664850974\u00a0(Spain)<\/p>\n","protected":false},"excerpt":{"rendered":"<p>Irion abre mercado en Espa\u00f1a con el nombramiento de Michele Iurillo como Country Manager. Italiano afincado en Espa\u00f1a, Michele es miembro de DAMA Italia y Vicepresidente de Marketing de Eventos de DAMA Espa\u00f1a. Es fundador del Data Management Summit, evento de referencia en el mundo de la gesti\u00f3n de datos. Michele ha estado involucrado en [&hellip;]<\/p>\n","protected":false},"author":191,"featured_media":45045,"comment_status":"closed","ping_status":"closed","sticky":false,"template":"","format":"standard","meta":{"_acf_changed":false,"site-sidebar-layout":"default","site-content-layout":"","ast-site-content-layout":"default","site-content-style":"default","site-sidebar-style":"default","ast-global-header-display":"","ast-banner-title-visibility":"","ast-main-header-display":"","ast-hfb-above-header-display":"","ast-hfb-below-header-display":"","ast-hfb-mobile-header-display":"","site-post-title":"","ast-breadcrumbs-content":"","ast-featured-img":"","footer-sml-layout":"","ast-disable-related-posts":"","theme-transparent-header-meta":"","adv-header-id-meta":"","stick-header-meta":"","header-above-stick-meta":"","header-main-stick-meta":"","header-below-stick-meta":"","astra-migrate-meta-layouts":"set","ast-page-background-enabled":"default","ast-page-background-meta":{"desktop":{"background-color":"var(--ast-global-color-4)","background-image":"","background-repeat":"repeat","background-position":"center center","background-size":"auto","background-attachment":"scroll","background-type":"","background-media":"","overlay-type":"","overlay-color":"","overlay-opacity":"","overlay-gradient":""},"tablet":{"background-color":"","background-image":"","background-repeat":"repeat","background-position":"center center","background-size":"auto","background-attachment":"scroll","background-type":"","background-media":"","overlay-type":"","overlay-color":"","overlay-opacity":"","overlay-gradient":""},"mobile":{"background-color":"","background-image":"","background-repeat":"repeat","background-position":"center center","background-size":"auto","background-attachment":"scroll","background-type":"","background-media":"","overlay-type":"","overlay-color":"","overlay-opacity":"","overlay-gradient":""}},"ast-content-background-meta":{"desktop":{"background-color":"var(--ast-global-color-5)","background-image":"","background-repeat":"repeat","background-position":"center center","background-size":"auto","background-attachment":"scroll","background-type":"","background-media":"","overlay-type":"","overlay-color":"","overlay-opacity":"","overlay-gradient":""},"tablet":{"background-color":"var(--ast-global-color-5)","background-image":"","background-repeat":"repeat","background-position":"center center","background-size":"auto","background-attachment":"scroll","background-type":"","background-media":"","overlay-type":"","overlay-color":"","overlay-opacity":"","overlay-gradient":""},"mobile":{"background-color":"var(--ast-global-color-5)","background-image":"","background-repeat":"repeat","background-position":"center center","background-size":"auto","background-attachment":"scroll","background-type":"","background-media":"","overlay-type":"","overlay-color":"","overlay-opacity":"","overlay-gradient":""}},"footnotes":""},"categories":[773],"tags":[],"settori":[],"topics":[],"cliente":[],"partner":[],"authors":[],"personas":[],"knowledge_area":[],"use_cases":[],"class_list":["post-45842","post","type-post","status-publish","format-standard","has-post-thumbnail","hentry","category-notas-de-prensa"],"acf":[],"yoast_head":"<!-- This site is optimized with the Yoast SEO plugin v27.4 - https:\/\/yoast.com\/product\/yoast-seo-wordpress\/ -->\n<title>Irion abre mercado en Espa\u00f1a de la mano de Michele Iurillo - Irion<\/title>\n<meta name=\"robots\" content=\"index, follow, max-snippet:-1, max-image-preview:large, max-video-preview:-1\" \/>\n<link rel=\"canonical\" href=\"https:\/\/www.irion-edm.com\/es\/notas-de-prensa\/irion-abre-mercado-en-espana-de-la-mano-de-michele-iurillo\/\" \/>\n<meta property=\"og:locale\" content=\"es_ES\" \/>\n<meta property=\"og:type\" content=\"article\" \/>\n<meta property=\"og:title\" content=\"Irion abre mercado en Espa\u00f1a de la mano de Michele Iurillo - Irion\" \/>\n<meta property=\"og:description\" content=\"Irion abre mercado en Espa\u00f1a con el nombramiento de Michele Iurillo como Country Manager. Italiano afincado en Espa\u00f1a, Michele es miembro de DAMA Italia y Vicepresidente de Marketing de Eventos de DAMA Espa\u00f1a. Es fundador del Data Management Summit, evento de referencia en el mundo de la gesti\u00f3n de datos. Michele ha estado involucrado en [&hellip;]\" \/>\n<meta property=\"og:url\" content=\"https:\/\/www.irion-edm.com\/es\/notas-de-prensa\/irion-abre-mercado-en-espana-de-la-mano-de-michele-iurillo\/\" \/>\n<meta property=\"og:site_name\" content=\"Irion\" \/>\n<meta property=\"article:publisher\" content=\"https:\/\/www.facebook.com\/irion.edm\/\" \/>\n<meta property=\"article:published_time\" content=\"2021-04-09T08:48:21+00:00\" \/>\n<meta property=\"article:modified_time\" content=\"2024-06-19T10:12:13+00:00\" \/>\n<meta property=\"og:image\" content=\"https:\/\/www.irion-edm.com\/wp-content\/uploads\/2021\/04\/Header-BlogPost-Irion-0421-MicheleIurillo-JoinsIrion-ITA-Max-v1.jpg\" \/>\n\t<meta property=\"og:image:width\" content=\"1200\" \/>\n\t<meta property=\"og:image:height\" content=\"626\" \/>\n\t<meta property=\"og:image:type\" content=\"image\/jpeg\" \/>\n<meta name=\"author\" content=\"Team Marketing\" \/>\n<meta name=\"twitter:card\" content=\"summary_large_image\" \/>\n<meta name=\"twitter:creator\" content=\"@irion_edm\" \/>\n<meta name=\"twitter:site\" content=\"@irion_edm\" \/>\n<script type=\"application\/ld+json\" class=\"yoast-schema-graph\">{\"@context\":\"https:\\\/\\\/schema.org\",\"@graph\":[{\"@type\":\"Article\",\"@id\":\"https:\\\/\\\/www.irion-edm.com\\\/es\\\/notas-de-prensa\\\/irion-abre-mercado-en-espana-de-la-mano-de-michele-iurillo\\\/#article\",\"isPartOf\":{\"@id\":\"https:\\\/\\\/www.irion-edm.com\\\/es\\\/notas-de-prensa\\\/irion-abre-mercado-en-espana-de-la-mano-de-michele-iurillo\\\/\"},\"author\":{\"name\":\"Team Marketing\",\"@id\":\"https:\\\/\\\/www.irion-edm.com\\\/es\\\/#\\\/schema\\\/person\\\/8e06fbbf02a485c63c7e6f382d3e481d\"},\"headline\":\"Irion abre mercado en Espa\u00f1a de la mano de Michele Iurillo\",\"datePublished\":\"2021-04-09T08:48:21+00:00\",\"dateModified\":\"2024-06-19T10:12:13+00:00\",\"mainEntityOfPage\":{\"@id\":\"https:\\\/\\\/www.irion-edm.com\\\/es\\\/notas-de-prensa\\\/irion-abre-mercado-en-espana-de-la-mano-de-michele-iurillo\\\/\"},\"wordCount\":623,\"publisher\":{\"@id\":\"https:\\\/\\\/www.irion-edm.com\\\/es\\\/#organization\"},\"image\":{\"@id\":\"https:\\\/\\\/www.irion-edm.com\\\/es\\\/notas-de-prensa\\\/irion-abre-mercado-en-espana-de-la-mano-de-michele-iurillo\\\/#primaryimage\"},\"thumbnailUrl\":\"https:\\\/\\\/www.irion-edm.com\\\/wp-content\\\/uploads\\\/2021\\\/04\\\/Header-BlogPost-Irion-0421-MicheleIurillo-JoinsIrion-ITA-Max-v1.jpg\",\"articleSection\":[\"Notas de Prensa\"],\"inLanguage\":\"es\"},{\"@type\":\"WebPage\",\"@id\":\"https:\\\/\\\/www.irion-edm.com\\\/es\\\/notas-de-prensa\\\/irion-abre-mercado-en-espana-de-la-mano-de-michele-iurillo\\\/\",\"url\":\"https:\\\/\\\/www.irion-edm.com\\\/es\\\/notas-de-prensa\\\/irion-abre-mercado-en-espana-de-la-mano-de-michele-iurillo\\\/\",\"name\":\"Irion abre mercado en Espa\u00f1a de la mano de Michele Iurillo - Irion\",\"isPartOf\":{\"@id\":\"https:\\\/\\\/www.irion-edm.com\\\/es\\\/#website\"},\"primaryImageOfPage\":{\"@id\":\"https:\\\/\\\/www.irion-edm.com\\\/es\\\/notas-de-prensa\\\/irion-abre-mercado-en-espana-de-la-mano-de-michele-iurillo\\\/#primaryimage\"},\"image\":{\"@id\":\"https:\\\/\\\/www.irion-edm.com\\\/es\\\/notas-de-prensa\\\/irion-abre-mercado-en-espana-de-la-mano-de-michele-iurillo\\\/#primaryimage\"},\"thumbnailUrl\":\"https:\\\/\\\/www.irion-edm.com\\\/wp-content\\\/uploads\\\/2021\\\/04\\\/Header-BlogPost-Irion-0421-MicheleIurillo-JoinsIrion-ITA-Max-v1.jpg\",\"datePublished\":\"2021-04-09T08:48:21+00:00\",\"dateModified\":\"2024-06-19T10:12:13+00:00\",\"breadcrumb\":{\"@id\":\"https:\\\/\\\/www.irion-edm.com\\\/es\\\/notas-de-prensa\\\/irion-abre-mercado-en-espana-de-la-mano-de-michele-iurillo\\\/#breadcrumb\"},\"inLanguage\":\"es\",\"potentialAction\":[{\"@type\":\"ReadAction\",\"target\":[\"https:\\\/\\\/www.irion-edm.com\\\/es\\\/notas-de-prensa\\\/irion-abre-mercado-en-espana-de-la-mano-de-michele-iurillo\\\/\"]}]},{\"@type\":\"ImageObject\",\"inLanguage\":\"es\",\"@id\":\"https:\\\/\\\/www.irion-edm.com\\\/es\\\/notas-de-prensa\\\/irion-abre-mercado-en-espana-de-la-mano-de-michele-iurillo\\\/#primaryimage\",\"url\":\"https:\\\/\\\/www.irion-edm.com\\\/wp-content\\\/uploads\\\/2021\\\/04\\\/Header-BlogPost-Irion-0421-MicheleIurillo-JoinsIrion-ITA-Max-v1.jpg\",\"contentUrl\":\"https:\\\/\\\/www.irion-edm.com\\\/wp-content\\\/uploads\\\/2021\\\/04\\\/Header-BlogPost-Irion-0421-MicheleIurillo-JoinsIrion-ITA-Max-v1.jpg\",\"width\":1200,\"height\":626},{\"@type\":\"BreadcrumbList\",\"@id\":\"https:\\\/\\\/www.irion-edm.com\\\/es\\\/notas-de-prensa\\\/irion-abre-mercado-en-espana-de-la-mano-de-michele-iurillo\\\/#breadcrumb\",\"itemListElement\":[{\"@type\":\"ListItem\",\"position\":1,\"name\":\"Home\",\"item\":\"https:\\\/\\\/www.irion-edm.com\\\/es\\\/home\\\/\"},{\"@type\":\"ListItem\",\"position\":2,\"name\":\"Irion abre mercado en Espa\u00f1a de la mano de Michele Iurillo\"}]},{\"@type\":\"WebSite\",\"@id\":\"https:\\\/\\\/www.irion-edm.com\\\/es\\\/#website\",\"url\":\"https:\\\/\\\/www.irion-edm.com\\\/es\\\/\",\"name\":\"Irion\",\"description\":\"Enterprise Data Management\",\"publisher\":{\"@id\":\"https:\\\/\\\/www.irion-edm.com\\\/es\\\/#organization\"},\"potentialAction\":[{\"@type\":\"SearchAction\",\"target\":{\"@type\":\"EntryPoint\",\"urlTemplate\":\"https:\\\/\\\/www.irion-edm.com\\\/es\\\/?s={search_term_string}\"},\"query-input\":{\"@type\":\"PropertyValueSpecification\",\"valueRequired\":true,\"valueName\":\"search_term_string\"}}],\"inLanguage\":\"es\"},{\"@type\":\"Organization\",\"@id\":\"https:\\\/\\\/www.irion-edm.com\\\/es\\\/#organization\",\"name\":\"Irion\",\"url\":\"https:\\\/\\\/www.irion-edm.com\\\/es\\\/\",\"logo\":{\"@type\":\"ImageObject\",\"inLanguage\":\"es\",\"@id\":\"https:\\\/\\\/www.irion-edm.com\\\/es\\\/#\\\/schema\\\/logo\\\/image\\\/\",\"url\":\"https:\\\/\\\/www.irion-edm.com\\\/wp-content\\\/uploads\\\/2019\\\/06\\\/logo-164.png\",\"contentUrl\":\"https:\\\/\\\/www.irion-edm.com\\\/wp-content\\\/uploads\\\/2019\\\/06\\\/logo-164.png\",\"width\":164,\"height\":56,\"caption\":\"Irion\"},\"image\":{\"@id\":\"https:\\\/\\\/www.irion-edm.com\\\/es\\\/#\\\/schema\\\/logo\\\/image\\\/\"},\"sameAs\":[\"https:\\\/\\\/www.facebook.com\\\/irion.edm\\\/\",\"https:\\\/\\\/x.com\\\/irion_edm\",\"https:\\\/\\\/www.linkedin.com\\\/company\\\/899665\\\/\",\"https:\\\/\\\/www.youtube.com\\\/channel\\\/UCoSbxRz4vKZXWN4BAXlTN0w\\\/\"]},{\"@type\":\"Person\",\"@id\":\"https:\\\/\\\/www.irion-edm.com\\\/es\\\/#\\\/schema\\\/person\\\/8e06fbbf02a485c63c7e6f382d3e481d\",\"name\":\"Team Marketing\",\"image\":{\"@type\":\"ImageObject\",\"inLanguage\":\"es\",\"@id\":\"https:\\\/\\\/secure.gravatar.com\\\/avatar\\\/161c76613f9c5cc2fdb474c11e5bea57f088f7021071a395f82f49d33f60deb2?s=96&d=https%3A%2F%2Fwww.irion-edm.com%2Fwp-content%2Fthemes%2Fthegem%2Fimages%2Fdefault-avatar.png&r=g\",\"url\":\"https:\\\/\\\/secure.gravatar.com\\\/avatar\\\/161c76613f9c5cc2fdb474c11e5bea57f088f7021071a395f82f49d33f60deb2?s=96&d=https%3A%2F%2Fwww.irion-edm.com%2Fwp-content%2Fthemes%2Fthegem%2Fimages%2Fdefault-avatar.png&r=g\",\"contentUrl\":\"https:\\\/\\\/secure.gravatar.com\\\/avatar\\\/161c76613f9c5cc2fdb474c11e5bea57f088f7021071a395f82f49d33f60deb2?s=96&d=https%3A%2F%2Fwww.irion-edm.com%2Fwp-content%2Fthemes%2Fthegem%2Fimages%2Fdefault-avatar.png&r=g\",\"caption\":\"Team Marketing\"}}]}<\/script>\n<!-- \/ Yoast SEO plugin. -->","yoast_head_json":{"title":"Irion abre mercado en Espa\u00f1a de la mano de Michele Iurillo - Irion","robots":{"index":"index","follow":"follow","max-snippet":"max-snippet:-1","max-image-preview":"max-image-preview:large","max-video-preview":"max-video-preview:-1"},"canonical":"https:\/\/www.irion-edm.com\/es\/notas-de-prensa\/irion-abre-mercado-en-espana-de-la-mano-de-michele-iurillo\/","og_locale":"es_ES","og_type":"article","og_title":"Irion abre mercado en Espa\u00f1a de la mano de Michele Iurillo - Irion","og_description":"Irion abre mercado en Espa\u00f1a con el nombramiento de Michele Iurillo como Country Manager. Italiano afincado en Espa\u00f1a, Michele es miembro de DAMA Italia y Vicepresidente de Marketing de Eventos de DAMA Espa\u00f1a. Es fundador del Data Management Summit, evento de referencia en el mundo de la gesti\u00f3n de datos. Michele ha estado involucrado en [&hellip;]","og_url":"https:\/\/www.irion-edm.com\/es\/notas-de-prensa\/irion-abre-mercado-en-espana-de-la-mano-de-michele-iurillo\/","og_site_name":"Irion","article_publisher":"https:\/\/www.facebook.com\/irion.edm\/","article_published_time":"2021-04-09T08:48:21+00:00","article_modified_time":"2024-06-19T10:12:13+00:00","og_image":[{"width":1200,"height":626,"url":"https:\/\/www.irion-edm.com\/wp-content\/uploads\/2021\/04\/Header-BlogPost-Irion-0421-MicheleIurillo-JoinsIrion-ITA-Max-v1.jpg","type":"image\/jpeg"}],"author":"Team Marketing","twitter_card":"summary_large_image","twitter_creator":"@irion_edm","twitter_site":"@irion_edm","schema":{"@context":"https:\/\/schema.org","@graph":[{"@type":"Article","@id":"https:\/\/www.irion-edm.com\/es\/notas-de-prensa\/irion-abre-mercado-en-espana-de-la-mano-de-michele-iurillo\/#article","isPartOf":{"@id":"https:\/\/www.irion-edm.com\/es\/notas-de-prensa\/irion-abre-mercado-en-espana-de-la-mano-de-michele-iurillo\/"},"author":{"name":"Team Marketing","@id":"https:\/\/www.irion-edm.com\/es\/#\/schema\/person\/8e06fbbf02a485c63c7e6f382d3e481d"},"headline":"Irion abre mercado en Espa\u00f1a de la mano de Michele Iurillo","datePublished":"2021-04-09T08:48:21+00:00","dateModified":"2024-06-19T10:12:13+00:00","mainEntityOfPage":{"@id":"https:\/\/www.irion-edm.com\/es\/notas-de-prensa\/irion-abre-mercado-en-espana-de-la-mano-de-michele-iurillo\/"},"wordCount":623,"publisher":{"@id":"https:\/\/www.irion-edm.com\/es\/#organization"},"image":{"@id":"https:\/\/www.irion-edm.com\/es\/notas-de-prensa\/irion-abre-mercado-en-espana-de-la-mano-de-michele-iurillo\/#primaryimage"},"thumbnailUrl":"https:\/\/www.irion-edm.com\/wp-content\/uploads\/2021\/04\/Header-BlogPost-Irion-0421-MicheleIurillo-JoinsIrion-ITA-Max-v1.jpg","articleSection":["Notas de Prensa"],"inLanguage":"es"},{"@type":"WebPage","@id":"https:\/\/www.irion-edm.com\/es\/notas-de-prensa\/irion-abre-mercado-en-espana-de-la-mano-de-michele-iurillo\/","url":"https:\/\/www.irion-edm.com\/es\/notas-de-prensa\/irion-abre-mercado-en-espana-de-la-mano-de-michele-iurillo\/","name":"Irion abre mercado en Espa\u00f1a de la mano de Michele Iurillo - Irion","isPartOf":{"@id":"https:\/\/www.irion-edm.com\/es\/#website"},"primaryImageOfPage":{"@id":"https:\/\/www.irion-edm.com\/es\/notas-de-prensa\/irion-abre-mercado-en-espana-de-la-mano-de-michele-iurillo\/#primaryimage"},"image":{"@id":"https:\/\/www.irion-edm.com\/es\/notas-de-prensa\/irion-abre-mercado-en-espana-de-la-mano-de-michele-iurillo\/#primaryimage"},"thumbnailUrl":"https:\/\/www.irion-edm.com\/wp-content\/uploads\/2021\/04\/Header-BlogPost-Irion-0421-MicheleIurillo-JoinsIrion-ITA-Max-v1.jpg","datePublished":"2021-04-09T08:48:21+00:00","dateModified":"2024-06-19T10:12:13+00:00","breadcrumb":{"@id":"https:\/\/www.irion-edm.com\/es\/notas-de-prensa\/irion-abre-mercado-en-espana-de-la-mano-de-michele-iurillo\/#breadcrumb"},"inLanguage":"es","potentialAction":[{"@type":"ReadAction","target":["https:\/\/www.irion-edm.com\/es\/notas-de-prensa\/irion-abre-mercado-en-espana-de-la-mano-de-michele-iurillo\/"]}]},{"@type":"ImageObject","inLanguage":"es","@id":"https:\/\/www.irion-edm.com\/es\/notas-de-prensa\/irion-abre-mercado-en-espana-de-la-mano-de-michele-iurillo\/#primaryimage","url":"https:\/\/www.irion-edm.com\/wp-content\/uploads\/2021\/04\/Header-BlogPost-Irion-0421-MicheleIurillo-JoinsIrion-ITA-Max-v1.jpg","contentUrl":"https:\/\/www.irion-edm.com\/wp-content\/uploads\/2021\/04\/Header-BlogPost-Irion-0421-MicheleIurillo-JoinsIrion-ITA-Max-v1.jpg","width":1200,"height":626},{"@type":"BreadcrumbList","@id":"https:\/\/www.irion-edm.com\/es\/notas-de-prensa\/irion-abre-mercado-en-espana-de-la-mano-de-michele-iurillo\/#breadcrumb","itemListElement":[{"@type":"ListItem","position":1,"name":"Home","item":"https:\/\/www.irion-edm.com\/es\/home\/"},{"@type":"ListItem","position":2,"name":"Irion abre mercado en Espa\u00f1a de la mano de Michele Iurillo"}]},{"@type":"WebSite","@id":"https:\/\/www.irion-edm.com\/es\/#website","url":"https:\/\/www.irion-edm.com\/es\/","name":"Irion","description":"Enterprise Data Management","publisher":{"@id":"https:\/\/www.irion-edm.com\/es\/#organization"},"potentialAction":[{"@type":"SearchAction","target":{"@type":"EntryPoint","urlTemplate":"https:\/\/www.irion-edm.com\/es\/?s={search_term_string}"},"query-input":{"@type":"PropertyValueSpecification","valueRequired":true,"valueName":"search_term_string"}}],"inLanguage":"es"},{"@type":"Organization","@id":"https:\/\/www.irion-edm.com\/es\/#organization","name":"Irion","url":"https:\/\/www.irion-edm.com\/es\/","logo":{"@type":"ImageObject","inLanguage":"es","@id":"https:\/\/www.irion-edm.com\/es\/#\/schema\/logo\/image\/","url":"https:\/\/www.irion-edm.com\/wp-content\/uploads\/2019\/06\/logo-164.png","contentUrl":"https:\/\/www.irion-edm.com\/wp-content\/uploads\/2019\/06\/logo-164.png","width":164,"height":56,"caption":"Irion"},"image":{"@id":"https:\/\/www.irion-edm.com\/es\/#\/schema\/logo\/image\/"},"sameAs":["https:\/\/www.facebook.com\/irion.edm\/","https:\/\/x.com\/irion_edm","https:\/\/www.linkedin.com\/company\/899665\/","https:\/\/www.youtube.com\/channel\/UCoSbxRz4vKZXWN4BAXlTN0w\/"]},{"@type":"Person","@id":"https:\/\/www.irion-edm.com\/es\/#\/schema\/person\/8e06fbbf02a485c63c7e6f382d3e481d","name":"Team Marketing","image":{"@type":"ImageObject","inLanguage":"es","@id":"https:\/\/secure.gravatar.com\/avatar\/161c76613f9c5cc2fdb474c11e5bea57f088f7021071a395f82f49d33f60deb2?s=96&d=https%3A%2F%2Fwww.irion-edm.com%2Fwp-content%2Fthemes%2Fthegem%2Fimages%2Fdefault-avatar.png&r=g","url":"https:\/\/secure.gravatar.com\/avatar\/161c76613f9c5cc2fdb474c11e5bea57f088f7021071a395f82f49d33f60deb2?s=96&d=https%3A%2F%2Fwww.irion-edm.com%2Fwp-content%2Fthemes%2Fthegem%2Fimages%2Fdefault-avatar.png&r=g","contentUrl":"https:\/\/secure.gravatar.com\/avatar\/161c76613f9c5cc2fdb474c11e5bea57f088f7021071a395f82f49d33f60deb2?s=96&d=https%3A%2F%2Fwww.irion-edm.com%2Fwp-content%2Fthemes%2Fthegem%2Fimages%2Fdefault-avatar.png&r=g","caption":"Team Marketing"}}]}},"_links":{"self":[{"href":"https:\/\/www.irion-edm.com\/es\/wp-json\/wp\/v2\/posts\/45842","targetHints":{"allow":["GET"]}}],"collection":[{"href":"https:\/\/www.irion-edm.com\/es\/wp-json\/wp\/v2\/posts"}],"about":[{"href":"https:\/\/www.irion-edm.com\/es\/wp-json\/wp\/v2\/types\/post"}],"author":[{"embeddable":true,"href":"https:\/\/www.irion-edm.com\/es\/wp-json\/wp\/v2\/users\/191"}],"replies":[{"embeddable":true,"href":"https:\/\/www.irion-edm.com\/es\/wp-json\/wp\/v2\/comments?post=45842"}],"version-history":[{"count":0,"href":"https:\/\/www.irion-edm.com\/es\/wp-json\/wp\/v2\/posts\/45842\/revisions"}],"wp:featuredmedia":[{"embeddable":true,"href":"https:\/\/www.irion-edm.com\/es\/wp-json\/wp\/v2\/media\/45045"}],"wp:attachment":[{"href":"https:\/\/www.irion-edm.com\/es\/wp-json\/wp\/v2\/media?parent=45842"}],"wp:term":[{"taxonomy":"category","embeddable":true,"href":"https:\/\/www.irion-edm.com\/es\/wp-json\/wp\/v2\/categories?post=45842"},{"taxonomy":"post_tag","embeddable":true,"href":"https:\/\/www.irion-edm.com\/es\/wp-json\/wp\/v2\/tags?post=45842"},{"taxonomy":"settori","embeddable":true,"href":"https:\/\/www.irion-edm.com\/es\/wp-json\/wp\/v2\/settori?post=45842"},{"taxonomy":"topics","embeddable":true,"href":"https:\/\/www.irion-edm.com\/es\/wp-json\/wp\/v2\/topics?post=45842"},{"taxonomy":"cliente","embeddable":true,"href":"https:\/\/www.irion-edm.com\/es\/wp-json\/wp\/v2\/cliente?post=45842"},{"taxonomy":"partner","embeddable":true,"href":"https:\/\/www.irion-edm.com\/es\/wp-json\/wp\/v2\/partner?post=45842"},{"taxonomy":"authors","embeddable":true,"href":"https:\/\/www.irion-edm.com\/es\/wp-json\/wp\/v2\/authors?post=45842"},{"taxonomy":"personas","embeddable":true,"href":"https:\/\/www.irion-edm.com\/es\/wp-json\/wp\/v2\/personas?post=45842"},{"taxonomy":"knowledge_area","embeddable":true,"href":"https:\/\/www.irion-edm.com\/es\/wp-json\/wp\/v2\/knowledge_area?post=45842"},{"taxonomy":"use_cases","embeddable":true,"href":"https:\/\/www.irion-edm.com\/es\/wp-json\/wp\/v2\/use_cases?post=45842"}],"curies":[{"name":"wp","href":"https:\/\/api.w.org\/{rel}","templated":true}]}}